{"id":320,"date":"2019-03-05T12:28:22","date_gmt":"2019-03-05T12:28:22","guid":{"rendered":"https:\/\/www.wolkerstuin.nl\/?p=320"},"modified":"2019-04-09T14:44:53","modified_gmt":"2019-04-09T14:44:53","slug":"tien-auteurs-te-gast-in-2019","status":"publish","type":"post","link":"https:\/\/www.wolkerstuin.nl\/?p=320","title":{"rendered":"Tien auteurs te gast in 2019!"},"content":{"rendered":"<p class=\"Standaard1\">In het tuinseizoen 2019, vanaf april, krijgen we op de Wolkerstuin om beurten maar liefst tien auteurs te logeren. Uit de vele kandidaten die zich hebben aangemeld voor een verblijf in de schrijversresidentie zijn tien schrijvers gekozen die twee weken tot een maand in het voormalige tuinhuis van Jan en Karina Wolkers op tuinpark Amstelglorie mogen verblijven. <strong>Daarmee zijn alle residenties voor 2019 vergeven.<\/strong><\/p>\n<p>In 2019 verwelkomt Amstelglorie twee scenarioschrijvers, onder wie de kleindochter van Jan Wolkers, vier romanschrijvers, \u00e9\u00e9n non-fictieschrijver, twee dichters en \u00e9\u00e9n dichter\/vertaler die is onderscheiden met de P.C.Hooftprijs. Het zijn:<\/p>\n<p>Rosita Wolkers<br \/>\nFrouke Arns<br \/>\nMariken Heitman<br \/>\nGeert van der Kolk<br \/>\nDitteke Mensink<br \/>\nSaskia van Loenen<br \/>\nKees Ruys<br \/>\nAlexis de Roode<br \/>\nAnne Broeksma<br \/>\nAnneke Brassinga<\/p>\n<p class=\"Standaard1\">Deze auteurs zullen hun tijd ook gebruiken om een korte literaire bijdrage voor Amstelglorie te schrijven en een bijdrage te leveren in de vorm van bijvoorbeeld een workshop voor de tuiniers van Amstelglorie en voor de omringende Amsterdamse wijken, in samenwerking met de Hemkerhof op Amstelglorie en boekhandel My Bookstore aan de Spaklerweg.<\/p>\n<p><img data-recalc-dims=\"1\" fetchpriority=\"high\" decoding=\"async\" data-attachment-id=\"321\" data-permalink=\"https:\/\/www.wolkerstuin.nl\/?attachment_id=321\" data-orig-file=\"https:\/\/i0.wp.com\/www.wolkerstuin.nl\/wp-content\/uploads\/2019\/03\/Eksterveer-kopie.jpg?fit=1500%2C1125&amp;ssl=1\" data-orig-size=\"1500,1125\" data-comments-opened=\"0\" data-image-meta=\"{&quot;aperture&quot;:&quot;2.2&quot;,&quot;credit&quot;:&quot;&quot;,&quot;camera&quot;:&quot;iPhone 6&quot;,&quot;caption&quot;:&quot;&quot;,&quot;created_timestamp&quot;:&quot;1537882329&quot;,&quot;copyright&quot;:&quot;&quot;,&quot;focal_length&quot;:&quot;4.15&quot;,&quot;iso&quot;:&quot;32&quot;,&quot;shutter_speed&quot;:&quot;0.00022701475595914&quot;,&quot;title&quot;:&quot;&quot;,&quot;orientation&quot;:&quot;1&quot;}\" data-image-title=\"Eksterveer kopie\" data-image-description=\"\" data-image-caption=\"\" data-large-file=\"https:\/\/i0.wp.com\/www.wolkerstuin.nl\/wp-content\/uploads\/2019\/03\/Eksterveer-kopie.jpg?fit=1024%2C768&amp;ssl=1\" class=\"alignright wp-image-321 size-large\" src=\"https:\/\/i0.wp.com\/www.wolkerstuin.nl\/wp-content\/uploads\/2019\/03\/Eksterveer-kopie.jpg?resize=1024%2C768&#038;ssl=1\" alt=\"\" width=\"1024\" height=\"768\" srcset=\"https:\/\/i0.wp.com\/www.wolkerstuin.nl\/wp-content\/uploads\/2019\/03\/Eksterveer-kopie.jpg?resize=1024%2C768&amp;ssl=1 1024w, https:\/\/i0.wp.com\/www.wolkerstuin.nl\/wp-content\/uploads\/2019\/03\/Eksterveer-kopie.jpg?resize=300%2C225&amp;ssl=1 300w, https:\/\/i0.wp.com\/www.wolkerstuin.nl\/wp-content\/uploads\/2019\/03\/Eksterveer-kopie.jpg?resize=768%2C576&amp;ssl=1 768w, https:\/\/i0.wp.com\/www.wolkerstuin.nl\/wp-content\/uploads\/2019\/03\/Eksterveer-kopie.jpg?resize=830%2C623&amp;ssl=1 830w, https:\/\/i0.wp.com\/www.wolkerstuin.nl\/wp-content\/uploads\/2019\/03\/Eksterveer-kopie.jpg?resize=230%2C173&amp;ssl=1 230w, https:\/\/i0.wp.com\/www.wolkerstuin.nl\/wp-content\/uploads\/2019\/03\/Eksterveer-kopie.jpg?resize=350%2C263&amp;ssl=1 350w, https:\/\/i0.wp.com\/www.wolkerstuin.nl\/wp-content\/uploads\/2019\/03\/Eksterveer-kopie.jpg?resize=480%2C360&amp;ssl=1 480w, https:\/\/i0.wp.com\/www.wolkerstuin.nl\/wp-content\/uploads\/2019\/03\/Eksterveer-kopie.jpg?w=1500&amp;ssl=1 1500w\" sizes=\"(max-width: 1024px) 100vw, 1024px\" \/><\/p>\n","protected":false},"excerpt":{"rendered":"<p>In het tuinseizoen 2019, vanaf april, krijgen we op de Wolkerstuin om beurten maar liefst tien auteurs te logeren. Uit de vele [&hellip;]<\/p>\n","protected":false},"author":1,"featured_media":0,"comment_status":"closed","ping_status":"closed","sticky":false,"template":"","format":"standard","meta":{"_jetpack_newsletter_access":"","_jetpack_dont_email_post_to_subs":false,"_jetpack_newsletter_tier_id":0,"_jetpack_memberships_contains_paywalled_content":false,"_jetpack_memberships_contains_paid_content":false,"footnotes":""},"categories":[3,5],"tags":[],"class_list":["post-320","post","type-post","status-publish","format-standard","hentry","category-de-gastschrijvers","category-nieuws"],"jetpack_featured_media_url":"","jetpack_sharing_enabled":true,"jetpack_shortlink":"https:\/\/wp.me\/paDeJI-5a","jetpack-related-posts":[{"id":406,"url":"https:\/\/www.wolkerstuin.nl\/?p=406","url_meta":{"origin":320,"position":0},"title":"Aanmeldingsronde 2020 gesloten","author":"admin","date":"12\/03\/2019","format":false,"excerpt":"PERSBERICHT Aanmeldingsprocedure literaire residenties 2020 tot 15 februari Dinsdag 3 december, 2019 De Wolkerstuin op Amstelglorie is in 2020 voor het derde jaar geopend als gastschrijvershuisjevoor auteurs\u00a0van romans, po\u00ebzie, toneelteksten, vertaalde literatuur, scenario\u2019s en non-fictie met in ieder geval \u00e9\u00e9n boekpublicatie (in het vooruitzicht) bij een reguliere uitgeverij. Aanmelden kan\u00a0tot\u2026","rel":"","context":"In &quot;Nieuws&quot;","block_context":{"text":"Nieuws","link":"https:\/\/www.wolkerstuin.nl\/?cat=5"},"img":{"alt_text":"","src":"https:\/\/i0.wp.com\/www.wolkerstuin.nl\/wp-content\/uploads\/2019\/12\/IMG_4030-e1575371512179-1024x1024.jpg?resize=350%2C200&ssl=1","width":350,"height":200,"srcset":"https:\/\/i0.wp.com\/www.wolkerstuin.nl\/wp-content\/uploads\/2019\/12\/IMG_4030-e1575371512179-1024x1024.jpg?resize=350%2C200&ssl=1 1x, https:\/\/i0.wp.com\/www.wolkerstuin.nl\/wp-content\/uploads\/2019\/12\/IMG_4030-e1575371512179-1024x1024.jpg?resize=525%2C300&ssl=1 1.5x, https:\/\/i0.wp.com\/www.wolkerstuin.nl\/wp-content\/uploads\/2019\/12\/IMG_4030-e1575371512179-1024x1024.jpg?resize=700%2C400&ssl=1 2x"},"classes":[]},{"id":593,"url":"https:\/\/www.wolkerstuin.nl\/?p=593","url_meta":{"origin":320,"position":1},"title":"Moll in de tuin","author":"admin","date":"04\/30\/2021","format":false,"excerpt":"Schrijver en Parooljournalist Maarten Moll verbleef de laatste twee weken van april op de Wolkerstuin en schreef daar iedere ochtend fraaie, contemplatieve columns over zijn verblijf op Amstelglorie. En over Jan Wolkers, uiteraard. Op Amstelglorie werd genoten van zijn columns, al ontstond er ook even lichte paniek toen men een\u2026","rel":"","context":"In &quot;De gastschrijvers&quot;","block_context":{"text":"De gastschrijvers","link":"https:\/\/www.wolkerstuin.nl\/?cat=3"},"img":{"alt_text":"","src":"https:\/\/i0.wp.com\/www.wolkerstuin.nl\/wp-content\/uploads\/2021\/04\/IMG_dahlia.jpg?resize=350%2C200&ssl=1","width":350,"height":200,"srcset":"https:\/\/i0.wp.com\/www.wolkerstuin.nl\/wp-content\/uploads\/2021\/04\/IMG_dahlia.jpg?resize=350%2C200&ssl=1 1x, https:\/\/i0.wp.com\/www.wolkerstuin.nl\/wp-content\/uploads\/2021\/04\/IMG_dahlia.jpg?resize=525%2C300&ssl=1 1.5x"},"classes":[]},{"id":265,"url":"https:\/\/www.wolkerstuin.nl\/?p=265","url_meta":{"origin":320,"position":2},"title":"De gastschrijvers van 2018 &#8211; proefdraaien","author":"admin","date":"02\/01\/2019","format":false,"excerpt":"In 2018 draaiden we, vanaf juni, proef met de schrijversresidentie. We hadden meteen een fantastische en volledige bezetting. Als eerste kwam Rob van Essen die hier de laatste hand leggen aan zijn veelgeprezen roman De Goede Zoon, die in het najaar van 2018 zou verschijnen. Ook schreef hij maar liefst\u2026","rel":"","context":"In &quot;De gastschrijvers&quot;","block_context":{"text":"De gastschrijvers","link":"https:\/\/www.wolkerstuin.nl\/?cat=3"},"img":{"alt_text":"","src":"https:\/\/i0.wp.com\/www.wolkerstuin.nl\/wp-content\/uploads\/2019\/01\/Eksterveer-300x225.jpg?resize=350%2C200&ssl=1","width":350,"height":200},"classes":[]},{"id":107,"url":"https:\/\/www.wolkerstuin.nl\/?p=107","url_meta":{"origin":320,"position":3},"title":"Vrijwilligers van Amstelglorie","author":"admin","date":"04\/05\/2022","format":false,"excerpt":"De Wolkerstuin op Amstelglorie wordt bestierd door een groep tuinders op het Amsterdamse volkstuinenpark Amstelglorie. Samen hebben zij dit bijzondere literaire erfgoed op hun tuinpark in ere hersteld en daarmee ook actie ondernomen tot het behoud van groen in groeiend Amsterdam. De Wolkerstuin is een ode aan Jan Wolkers en\u2026","rel":"","context":"In &quot;Over ons&quot;","block_context":{"text":"Over ons","link":"https:\/\/www.wolkerstuin.nl\/?cat=2"},"img":{"alt_text":"","src":"https:\/\/i0.wp.com\/www.wolkerstuin.nl\/wp-content\/uploads\/2019\/01\/BAPT3613-1024x683.png?resize=350%2C200&ssl=1","width":350,"height":200,"srcset":"https:\/\/i0.wp.com\/www.wolkerstuin.nl\/wp-content\/uploads\/2019\/01\/BAPT3613-1024x683.png?resize=350%2C200&ssl=1 1x, https:\/\/i0.wp.com\/www.wolkerstuin.nl\/wp-content\/uploads\/2019\/01\/BAPT3613-1024x683.png?resize=525%2C300&ssl=1 1.5x, https:\/\/i0.wp.com\/www.wolkerstuin.nl\/wp-content\/uploads\/2019\/01\/BAPT3613-1024x683.png?resize=700%2C400&ssl=1 2x"},"classes":[]},{"id":579,"url":"https:\/\/www.wolkerstuin.nl\/?p=579","url_meta":{"origin":320,"position":4},"title":"Aanmeldingsronde voor residenties in 2022 gesloten","author":"admin","date":"12\/30\/2021","format":false,"excerpt":"De Wolkerstuin op Amstelglorie, aan de rand van Amsterdam, is in 2022 voor het vijfde jaar geopend als gastschrijvershuisje voor auteurs\u00a0van romans, po\u00ebzie, toneelteksten, vertaalde literatuur, kinderboeken, scenario\u2019s en non-fictie met in ieder geval \u00e9\u00e9n boekpublicatie (in het vooruitzicht) bij een reguliere uitgeverij. Aanmelden kan tot uiterlijk 15 februari 2022\u2026","rel":"","context":"In &quot;Aanmelden&quot;","block_context":{"text":"Aanmelden","link":"https:\/\/www.wolkerstuin.nl\/?cat=4"},"img":{"alt_text":"","src":"https:\/\/i0.wp.com\/www.wolkerstuin.nl\/wp-content\/uploads\/2021\/12\/Stoel-768x1024.jpg?resize=350%2C200&ssl=1","width":350,"height":200,"srcset":"https:\/\/i0.wp.com\/www.wolkerstuin.nl\/wp-content\/uploads\/2021\/12\/Stoel-768x1024.jpg?resize=350%2C200&ssl=1 1x, https:\/\/i0.wp.com\/www.wolkerstuin.nl\/wp-content\/uploads\/2021\/12\/Stoel-768x1024.jpg?resize=525%2C300&ssl=1 1.5x, https:\/\/i0.wp.com\/www.wolkerstuin.nl\/wp-content\/uploads\/2021\/12\/Stoel-768x1024.jpg?resize=700%2C400&ssl=1 2x"},"classes":[]},{"id":1,"url":"https:\/\/www.wolkerstuin.nl\/?p=1","url_meta":{"origin":320,"position":5},"title":"Welkom op de Wolkerstuin","author":"admin","date":"05\/03\/2023","format":false,"excerpt":"De Wolkerstuin op Amstelglorie is een gastschrijversverblijf aan de rand van Amsterdam, in het originele tuinhuis van Jan en Karina Wolkers. Zij tuinierden op Amstelglorie van 1972 tot 1980. Onze eerste subsidie ontvingen we van\u00a0het Prins Bernhard Cultuurfonds Noord Holland. Daarmee werd het vervallen tuinhuis en de verwaarloosde tuin volledig\u2026","rel":"","context":"In &quot;Over ons&quot;","block_context":{"text":"Over ons","link":"https:\/\/www.wolkerstuin.nl\/?cat=2"},"img":{"alt_text":"","src":"https:\/\/i0.wp.com\/www.wolkerstuin.nl\/wp-content\/uploads\/2019\/01\/Tuin1973_zomer-1024x992.jpg?resize=350%2C200&ssl=1","width":350,"height":200,"srcset":"https:\/\/i0.wp.com\/www.wolkerstuin.nl\/wp-content\/uploads\/2019\/01\/Tuin1973_zomer-1024x992.jpg?resize=350%2C200&ssl=1 1x, https:\/\/i0.wp.com\/www.wolkerstuin.nl\/wp-content\/uploads\/2019\/01\/Tuin1973_zomer-1024x992.jpg?resize=525%2C300&ssl=1 1.5x, https:\/\/i0.wp.com\/www.wolkerstuin.nl\/wp-content\/uploads\/2019\/01\/Tuin1973_zomer-1024x992.jpg?resize=700%2C400&ssl=1 2x"},"classes":[]}],"_links":{"self":[{"href":"https:\/\/www.wolkerstuin.nl\/index.php?rest_route=\/wp\/v2\/posts\/320","targetHints":{"allow":["GET"]}}],"collection":[{"href":"https:\/\/www.wolkerstuin.nl\/index.php?rest_route=\/wp\/v2\/posts"}],"about":[{"href":"https:\/\/www.wolkerstuin.nl\/index.php?rest_route=\/wp\/v2\/types\/post"}],"author":[{"embeddable":true,"href":"https:\/\/www.wolkerstuin.nl\/index.php?rest_route=\/wp\/v2\/users\/1"}],"replies":[{"embeddable":true,"href":"https:\/\/www.wolkerstuin.nl\/index.php?rest_route=%2Fwp%2Fv2%2Fcomments&post=320"}],"version-history":[{"count":3,"href":"https:\/\/www.wolkerstuin.nl\/index.php?rest_route=\/wp\/v2\/posts\/320\/revisions"}],"predecessor-version":[{"id":337,"href":"https:\/\/www.wolkerstuin.nl\/index.php?rest_route=\/wp\/v2\/posts\/320\/revisions\/337"}],"wp:attachment":[{"href":"https:\/\/www.wolkerstuin.nl\/index.php?rest_route=%2Fwp%2Fv2%2Fmedia&parent=320"}],"wp:term":[{"taxonomy":"category","embeddable":true,"href":"https:\/\/www.wolkerstuin.nl\/index.php?rest_route=%2Fwp%2Fv2%2Fcategories&post=320"},{"taxonomy":"post_tag","embeddable":true,"href":"https:\/\/www.wolkerstuin.nl\/index.php?rest_route=%2Fwp%2Fv2%2Ftags&post=320"}],"curies":[{"name":"wp","href":"https:\/\/api.w.org\/{rel}","templated":true}]}}